{"id":5093,"date":"2022-08-24T17:27:42","date_gmt":"2022-08-24T15:27:42","guid":{"rendered":"https:\/\/www.gladiatorenschule-berlin.rocks\/?p=5093"},"modified":"2022-09-26T21:03:32","modified_gmt":"2022-09-26T19:03:32","slug":"nachlese-abusina","status":"publish","type":"post","link":"https:\/\/www.gladiatorenschule-berlin.rocks\/?p=5093","title":{"rendered":"Nachlese Abusina"},"content":{"rendered":"<p>Salvete, Moin und Wilkommen.<\/p>\n<p>Wir haben das Salve Abusina 22 hinter uns gebracht, und etwas Zeit f\u00fcr ein kleines Fazit.<\/p>\n<p>Das das Fest klasse werden w\u00fcrde, wussten wir ja schon, als wir erfuhren, da\u00df die Gladiatoren aus Trier auch mit dabei sind.<\/p>\n<p><figure id=\"attachment_5094\" aria-describedby=\"caption-attachment-5094\" style=\"width: 720px\" class=\"wp-caption aligncenter\"><img loading=\"lazy\" decoding=\"async\" src=\"https:\/\/www.gladiatorenschule-berlin.rocks\/wp-content\/uploads\/2022\/08\/Gemeinschaftslager-1024x616.jpg\" alt=\"\" width=\"720\" height=\"433\" class=\"size-large wp-image-5094\" srcset=\"https:\/\/www.gladiatorenschule-berlin.rocks\/wp-content\/uploads\/2022\/08\/Gemeinschaftslager-1024x616.jpg 1024w, https:\/\/www.gladiatorenschule-berlin.rocks\/wp-content\/uploads\/2022\/08\/Gemeinschaftslager-300x180.jpg 300w, https:\/\/www.gladiatorenschule-berlin.rocks\/wp-content\/uploads\/2022\/08\/Gemeinschaftslager-768x462.jpg 768w, https:\/\/www.gladiatorenschule-berlin.rocks\/wp-content\/uploads\/2022\/08\/Gemeinschaftslager-1536x923.jpg 1536w, https:\/\/www.gladiatorenschule-berlin.rocks\/wp-content\/uploads\/2022\/08\/Gemeinschaftslager-720x433.jpg 720w, https:\/\/www.gladiatorenschule-berlin.rocks\/wp-content\/uploads\/2022\/08\/Gemeinschaftslager-224x135.jpg 224w, https:\/\/www.gladiatorenschule-berlin.rocks\/wp-content\/uploads\/2022\/08\/Gemeinschaftslager-865x520.jpg 865w, https:\/\/www.gladiatorenschule-berlin.rocks\/wp-content\/uploads\/2022\/08\/Gemeinschaftslager-1140x685.jpg 1140w, https:\/\/www.gladiatorenschule-berlin.rocks\/wp-content\/uploads\/2022\/08\/Gemeinschaftslager.jpg 1700w\" sizes=\"auto, (max-width: 720px) 100vw, 720px\" \/><figcaption id=\"caption-attachment-5094\" class=\"wp-caption-text\">Gemeinschaftslager<\/figcaption><\/figure><br \/>\nSollte mir ein besseres Bild unseres Lagers zukommen, tausch eich das Bild aus.<\/p>\n<p>Den Urspr\u00fcnglichen Plan, beide Lager unter einem Sonnensegel zu vereinen haben wir vergeigt, aber daf\u00fcr war das denn dem Publikum anschaulicher, da\u00df ZWEI Gladiatorenschulen da waren. Na, mal gucken, ob wir das beim n\u00e4chsten Mal schaffen. Es macht ja schlie\u00dflich Spa\u00df, mit den Trieren zusammen zu hocken.<\/p>\n<p>Dann haben wir es wieder <a href=\"https:\/\/www.tvaktuell.com\/mediathek\/video\/eining-salve-abusina-bayerns-groesstes-roemerfest\/\" rel=\"noopener\" target=\"_blank\">in&#8217;s Fernsehen geschafft.<\/a><\/p>\n<p>Und eine <a href=\"https:\/\/kbumm.de\/bilder?id=13443\" rel=\"noopener\" target=\"_blank\">Bilderstrecke<\/a> wurde uns auch schon zugetragen.<\/p>\n<p>Das Wetter hat auch am Freitag einige Unverzagte nicht davon abgehalten uns zu besuchen, Samstag war schon besser, und als Samstag nachmittag der Kampfplatz trocken genug war, auf dass wir uns unsere M\u00fctzen verbeulen konnten, war auch sofort gute Stimmung da.<\/p>\n<p>Aus Berliner sicht gab es dann noch drei weitere Glanzpunkte: unsere drei Tiros, die dabei waren.<\/p>\n<figure id=\"attachment_5096\" aria-describedby=\"caption-attachment-5096\" style=\"width: 720px\" class=\"wp-caption aligncenter\"><img loading=\"lazy\" decoding=\"async\" src=\"https:\/\/www.gladiatorenschule-berlin.rocks\/wp-content\/uploads\/2022\/08\/Tiromviat-1004x1024.jpg\" alt=\"\" width=\"720\" height=\"734\" class=\"size-large wp-image-5096\" srcset=\"https:\/\/www.gladiatorenschule-berlin.rocks\/wp-content\/uploads\/2022\/08\/Tiromviat-1004x1024.jpg 1004w, https:\/\/www.gladiatorenschule-berlin.rocks\/wp-content\/uploads\/2022\/08\/Tiromviat-294x300.jpg 294w, https:\/\/www.gladiatorenschule-berlin.rocks\/wp-content\/uploads\/2022\/08\/Tiromviat-768x783.jpg 768w, https:\/\/www.gladiatorenschule-berlin.rocks\/wp-content\/uploads\/2022\/08\/Tiromviat-720x734.jpg 720w, https:\/\/www.gladiatorenschule-berlin.rocks\/wp-content\/uploads\/2022\/08\/Tiromviat-220x224.jpg 220w, https:\/\/www.gladiatorenschule-berlin.rocks\/wp-content\/uploads\/2022\/08\/Tiromviat-510x520.jpg 510w, https:\/\/www.gladiatorenschule-berlin.rocks\/wp-content\/uploads\/2022\/08\/Tiromviat.jpg 1068w\" sizes=\"auto, (max-width: 720px) 100vw, 720px\" \/><figcaption id=\"caption-attachment-5096\" class=\"wp-caption-text\">Tiromvirat<\/figcaption><\/figure>\n<p>Unser Dreigestirn des frohsinns, von links nach rechts:<\/p>\n<p>Lucilla: hat ihren 20. Kampf vor Publikum absolviert, und sich damit das Recht erworben Stahl\/Eisen\/Bronze benutzen zu d\u00fcrfen.<br \/>\nSomit ist sie Kein Tiro mehr, und wir freuen uns auf das erste Training, da\u00df sie leitet, hihihihi.<\/p>\n<p>Ambiora: Hat sich als Tiro einen w\u00fcrdigen Kampf gegen einen der erfahrensten Gladiatoren aus Trier (Taurus, und nebenbei Lanista) geliefert.<\/p>\n<p>Silvanus: zum ersten mal auf einer l\u00e4ngeren Veranstaltung dabei, und somit offiziell Lager-Sozialisiert. Willkommen bei den bekloppten \ud83d\ude00<\/p>\n<p><del datetime=\"2022-09-26T19:02:43+00:00\">Weitere Links und eine eigene Galerie werden nachgereicht.<\/del><\/p>\n<p>Und wir haben es auch geschafft, eine Galerie einzustellen.<\/p>\n","protected":false},"excerpt":{"rendered":"<p>Salvete, Moin und Wilkommen. Wir haben das Salve Abusina 22 hinter uns gebracht, und etwas Zeit f\u00fcr ein kleines Fazit. Das das Fest klasse werden w\u00fcrde, wussten wir ja schon, als wir erfuhren, da\u00df die Gladiatoren aus Trier auch mit dabei sind. Sollte mir ein besseres Bild unseres Lagers zukommen, tausch eich das Bild aus. [&hellip;]<\/p>\n","protected":false},"author":2,"featured_media":0,"comment_status":"closed","ping_status":"closed","sticky":false,"template":"","format":"standard","meta":{"ngg_post_thumbnail":0,"footnotes":""},"categories":[1],"tags":[],"class_list":["post-5093","post","type-post","status-publish","format-standard","hentry","category-allgemein"],"_links":{"self":[{"href":"https:\/\/www.gladiatorenschule-berlin.rocks\/index.php?rest_route=\/wp\/v2\/posts\/5093","targetHints":{"allow":["GET"]}}],"collection":[{"href":"https:\/\/www.gladiatorenschule-berlin.rocks\/index.php?rest_route=\/wp\/v2\/posts"}],"about":[{"href":"https:\/\/www.gladiatorenschule-berlin.rocks\/index.php?rest_route=\/wp\/v2\/types\/post"}],"author":[{"embeddable":true,"href":"https:\/\/www.gladiatorenschule-berlin.rocks\/index.php?rest_route=\/wp\/v2\/users\/2"}],"replies":[{"embeddable":true,"href":"https:\/\/www.gladiatorenschule-berlin.rocks\/index.php?rest_route=%2Fwp%2Fv2%2Fcomments&post=5093"}],"version-history":[{"count":4,"href":"https:\/\/www.gladiatorenschule-berlin.rocks\/index.php?rest_route=\/wp\/v2\/posts\/5093\/revisions"}],"predecessor-version":[{"id":5144,"href":"https:\/\/www.gladiatorenschule-berlin.rocks\/index.php?rest_route=\/wp\/v2\/posts\/5093\/revisions\/5144"}],"wp:attachment":[{"href":"https:\/\/www.gladiatorenschule-berlin.rocks\/index.php?rest_route=%2Fwp%2Fv2%2Fmedia&parent=5093"}],"wp:term":[{"taxonomy":"category","embeddable":true,"href":"https:\/\/www.gladiatorenschule-berlin.rocks\/index.php?rest_route=%2Fwp%2Fv2%2Fcategories&post=5093"},{"taxonomy":"post_tag","embeddable":true,"href":"https:\/\/www.gladiatorenschule-berlin.rocks\/index.php?rest_route=%2Fwp%2Fv2%2Ftags&post=5093"}],"curies":[{"name":"wp","href":"https:\/\/api.w.org\/{rel}","templated":true}]}}