{"id":5991,"date":"2024-08-20T20:44:12","date_gmt":"2024-08-20T18:44:12","guid":{"rendered":"https:\/\/www.gladiatorenschule-berlin.rocks\/?p=5991"},"modified":"2024-08-21T20:27:14","modified_gmt":"2024-08-21T18:27:14","slug":"und-gesund-wieder-zurueck","status":"publish","type":"post","link":"https:\/\/www.gladiatorenschule-berlin.rocks\/?p=5991","title":{"rendered":"Und gesund wieder zur\u00fcck"},"content":{"rendered":"<p>Salvete, Freunde des leichten Unwetters !<\/p>\n<p><figure id=\"attachment_5993\" aria-describedby=\"caption-attachment-5993\" style=\"width: 900px\" class=\"wp-caption aligncenter\"><img loading=\"lazy\" decoding=\"async\" src=\"https:\/\/www.gladiatorenschule-berlin.rocks\/wp-content\/uploads\/2024\/08\/IMG_20240816_091608_scaled.jpg\" alt=\"\" width=\"900\" height=\"416\" class=\"size-full wp-image-5993\" srcset=\"https:\/\/www.gladiatorenschule-berlin.rocks\/wp-content\/uploads\/2024\/08\/IMG_20240816_091608_scaled.jpg 900w, https:\/\/www.gladiatorenschule-berlin.rocks\/wp-content\/uploads\/2024\/08\/IMG_20240816_091608_scaled-300x139.jpg 300w, https:\/\/www.gladiatorenschule-berlin.rocks\/wp-content\/uploads\/2024\/08\/IMG_20240816_091608_scaled-768x355.jpg 768w, https:\/\/www.gladiatorenschule-berlin.rocks\/wp-content\/uploads\/2024\/08\/IMG_20240816_091608_scaled-720x333.jpg 720w, https:\/\/www.gladiatorenschule-berlin.rocks\/wp-content\/uploads\/2024\/08\/IMG_20240816_091608_scaled-224x104.jpg 224w\" sizes=\"auto, (max-width: 900px) 100vw, 900px\" \/><figcaption id=\"caption-attachment-5993\" class=\"wp-caption-text\">Vorausposten<\/figcaption><\/figure><br \/>\nWir sind zur\u00fcck von Salve Abusina. Wieder eine erfolgreiche Zusammenarbeit mit dem Trierer Ludus.<\/p>\n<p>Teile von Uns sind wieder am Donnerstag angereist, was uns noch einen ruhigen und gem\u00fctlichen Abend verschafft hat, bevor der Rest <del datetime=\"2024-08-20T18:18:02+00:00\">der Tr\u00fcmmertruppe<\/del> unserer Gladiatoren aufgeschlagen ist.<\/p>\n<figure id=\"attachment_5995\" aria-describedby=\"caption-attachment-5995\" style=\"width: 900px\" class=\"wp-caption aligncenter\"><img loading=\"lazy\" decoding=\"async\" src=\"https:\/\/www.gladiatorenschule-berlin.rocks\/wp-content\/uploads\/2024\/08\/IMG_20240815_213924_scaled.jpg\" alt=\"\" width=\"900\" height=\"415\" class=\"size-full wp-image-5995\" srcset=\"https:\/\/www.gladiatorenschule-berlin.rocks\/wp-content\/uploads\/2024\/08\/IMG_20240815_213924_scaled.jpg 900w, https:\/\/www.gladiatorenschule-berlin.rocks\/wp-content\/uploads\/2024\/08\/IMG_20240815_213924_scaled-300x138.jpg 300w, https:\/\/www.gladiatorenschule-berlin.rocks\/wp-content\/uploads\/2024\/08\/IMG_20240815_213924_scaled-768x354.jpg 768w, https:\/\/www.gladiatorenschule-berlin.rocks\/wp-content\/uploads\/2024\/08\/IMG_20240815_213924_scaled-720x332.jpg 720w, https:\/\/www.gladiatorenschule-berlin.rocks\/wp-content\/uploads\/2024\/08\/IMG_20240815_213924_scaled-224x103.jpg 224w\" sizes=\"auto, (max-width: 900px) 100vw, 900px\" \/><figcaption id=\"caption-attachment-5995\" class=\"wp-caption-text\">Nachtwache<\/figcaption><\/figure>\n<p>Die Mitstreiter aus Trier kamen &#8222;aus technischen Gr\u00fcnden&#8220; (TM) leider erst am Samstag fr\u00fch, aber solange wir uns \u00fcberhaupt mit denen hauen k\u00f6nnen, ist alles Schick.<\/p>\n<p>Auch hatten wir einen Gast-Gladiator aus fernen Landen bei uns, der sich derma\u00dfen Gleitend in das Lagerleben eingef\u00fcgt hat, da\u00df man denken k\u00f6nnte, er w\u00e4re schon seit Jahren bei uns. Wir hoffen, er zieht demn\u00e4chst nach Berlin, das w\u00e4re eine Bereicherung f\u00fcr uns.<\/p>\n<p>Die K\u00e4mpfe waren wieder Wild, das Publikum war Wach, lediglich die Letzte auff\u00fchrung am Samstag war etwas schwach besucht. Aber so wie den Ganzen Tag der b\u00f6se Tagesstern runtergrebrannt hat, ist das nachvollziehbar.<\/p>\n<p>Da wir gerade beim Wetter sind: Donnerstag bis Samstag wurden wir Tags\u00fcber gut durchgebraten, nachts sorgte etwas Regen daf\u00fcr, da\u00df die Wiesen Gr\u00fcn geblieben sind. Am Sonntag wurde das Fest dann wegen einer Unwetterwarnung vorzeitig beendet.<\/p>\n<p>Und ich muss sagen: zu recht! Sichtweite auf der Autobahn bei der R\u00fcckfaht: 10-15 Meter.<\/p>\n<p>Unser Ursus hat sich zu ersten Mal als Ansager\/Moderator probiert&#8230;.beim zweiten Versuch lief es dann etwas Runder \ud83d\ude42<br \/>\nIch mutiere halt immer zum Rhetorik-Legastheniker, wenn ich ein Micro vor der Nase habe.<\/p>\n<p>Na, wir sind jedenfalls alle wieder heil in Berlin angekommen, und haben wegen des rechtzeitigen Abbruchs nur die h\u00e4lfte unsere Zelte zum trocknen im Keller h\u00e4ngen.<\/p>\n<p>Jetzt haben wir noch einen wilden September vor uns, in dem wir in kleineren St\u00fcckzahlen auf diversen Veranstaltungen aufschlagen, am nennenswertesten das deutsche Gladiatorengathering, diesmal von den machern von Armor Mortis ausgerichtet.<\/p>\n<p>[Nachtrag]:<br \/>\nEs gibt auch von den \u00f6ffentliche medien einen <a href=\"https:\/\/www.tvaktuell.com\/mediathek\/video\/eining-groesstes-roemerfest-in-bayern-salve-abusina\/\" rel=\"noopener\" target=\"_blank\">Kurzbericht zum Salve Abusina 2024<\/a><\/p>\n","protected":false},"excerpt":{"rendered":"<p>Salvete, Freunde des leichten Unwetters ! Wir sind zur\u00fcck von Salve Abusina. Wieder eine erfolgreiche Zusammenarbeit mit dem Trierer Ludus. Teile von Uns sind wieder am Donnerstag angereist, was uns noch einen ruhigen und gem\u00fctlichen Abend verschafft hat, bevor der Rest der Tr\u00fcmmertruppe unserer Gladiatoren aufgeschlagen ist. Die Mitstreiter aus Trier kamen &#8222;aus technischen Gr\u00fcnden&#8220; [&hellip;]<\/p>\n","protected":false},"author":2,"featured_media":0,"comment_status":"closed","ping_status":"closed","sticky":false,"template":"","format":"standard","meta":{"ngg_post_thumbnail":0,"footnotes":""},"categories":[1],"tags":[],"class_list":["post-5991","post","type-post","status-publish","format-standard","hentry","category-allgemein"],"_links":{"self":[{"href":"https:\/\/www.gladiatorenschule-berlin.rocks\/index.php?rest_route=\/wp\/v2\/posts\/5991","targetHints":{"allow":["GET"]}}],"collection":[{"href":"https:\/\/www.gladiatorenschule-berlin.rocks\/index.php?rest_route=\/wp\/v2\/posts"}],"about":[{"href":"https:\/\/www.gladiatorenschule-berlin.rocks\/index.php?rest_route=\/wp\/v2\/types\/post"}],"author":[{"embeddable":true,"href":"https:\/\/www.gladiatorenschule-berlin.rocks\/index.php?rest_route=\/wp\/v2\/users\/2"}],"replies":[{"embeddable":true,"href":"https:\/\/www.gladiatorenschule-berlin.rocks\/index.php?rest_route=%2Fwp%2Fv2%2Fcomments&post=5991"}],"version-history":[{"count":9,"href":"https:\/\/www.gladiatorenschule-berlin.rocks\/index.php?rest_route=\/wp\/v2\/posts\/5991\/revisions"}],"predecessor-version":[{"id":6002,"href":"https:\/\/www.gladiatorenschule-berlin.rocks\/index.php?rest_route=\/wp\/v2\/posts\/5991\/revisions\/6002"}],"wp:attachment":[{"href":"https:\/\/www.gladiatorenschule-berlin.rocks\/index.php?rest_route=%2Fwp%2Fv2%2Fmedia&parent=5991"}],"wp:term":[{"taxonomy":"category","embeddable":true,"href":"https:\/\/www.gladiatorenschule-berlin.rocks\/index.php?rest_route=%2Fwp%2Fv2%2Fcategories&post=5991"},{"taxonomy":"post_tag","embeddable":true,"href":"https:\/\/www.gladiatorenschule-berlin.rocks\/index.php?rest_route=%2Fwp%2Fv2%2Ftags&post=5991"}],"curies":[{"name":"wp","href":"https:\/\/api.w.org\/{rel}","templated":true}]}}