{"id":6019,"date":"2024-09-17T20:48:17","date_gmt":"2024-09-17T18:48:17","guid":{"rendered":"https:\/\/www.gladiatorenschule-berlin.rocks\/?p=6019"},"modified":"2024-09-17T20:48:17","modified_gmt":"2024-09-17T18:48:17","slug":"wieder-zuhause","status":"publish","type":"post","link":"https:\/\/www.gladiatorenschule-berlin.rocks\/?p=6019","title":{"rendered":"Wieder zuhause"},"content":{"rendered":"<p>Salvete, freunde der l\u00e4ngeren Anfahrt !<\/p>\n<p>Das diesj\u00e4hrige internationale Gladiatorentreffen ist zuende, und wir sind wieder zur\u00fcck in Berlin. (Alle beide).<br \/>\nEtwas m\u00fcde, aber gl\u00fccklich und froh, dabei gewesen seien zu k\u00f6nnen. (ist das richtiges Deutsch ?)<\/p>\n<p>Oder so.<\/p>\n<p>Die Anfahrt war schon lustig: ich hatte beim Autoverleih einen &#8222;Hundef\u00e4nger&#8220; bestellt, und weil die was durcheinander gebracht haben, zum gleichen Preis einen Tanzsaal bekommen.<\/p>\n<p>Das machte die anderen Gruppen beim Ausladen viel schmunzeln&#8230;<\/p>\n<figure id=\"attachment_6020\" aria-describedby=\"caption-attachment-6020\" style=\"width: 900px\" class=\"wp-caption aligncenter\"><img loading=\"lazy\" decoding=\"async\" src=\"https:\/\/www.gladiatorenschule-berlin.rocks\/wp-content\/uploads\/2024\/09\/Kaum-Platz.jpg\" alt=\"\" width=\"900\" height=\"416\" class=\"size-full wp-image-6020\" srcset=\"https:\/\/www.gladiatorenschule-berlin.rocks\/wp-content\/uploads\/2024\/09\/Kaum-Platz.jpg 900w, https:\/\/www.gladiatorenschule-berlin.rocks\/wp-content\/uploads\/2024\/09\/Kaum-Platz-300x139.jpg 300w, https:\/\/www.gladiatorenschule-berlin.rocks\/wp-content\/uploads\/2024\/09\/Kaum-Platz-768x355.jpg 768w, https:\/\/www.gladiatorenschule-berlin.rocks\/wp-content\/uploads\/2024\/09\/Kaum-Platz-720x333.jpg 720w, https:\/\/www.gladiatorenschule-berlin.rocks\/wp-content\/uploads\/2024\/09\/Kaum-Platz-224x104.jpg 224w\" sizes=\"auto, (max-width: 900px) 100vw, 900px\" \/><figcaption id=\"caption-attachment-6020\" class=\"wp-caption-text\">Wie ham&#8216; den Wagen voll geladen&#8230;.<\/figcaption><\/figure>\n<p>Positiv ist, da\u00df wir bei einer Unwetterwarnung unzer Zelt auch IM transporter h\u00e4tten aufstellen k\u00f6nnen.<br \/>\n*hust*<\/p>\n<p>Aber zur\u00fcck <del datetime=\"2024-09-17T18:16:41+00:00\">zur Zentrale des B\u00f6sen<\/del> zum Fest !<\/p>\n<p>Von den bekannteren deutschen Ludi hat Trier leider gefehlt, Amor Mortis war nat\u00fcrlich da, Nemesis auch (seit langen mal wieder in gr\u00f6\u00dferer Personaldichte als wie wir. Genauer: doppelt so viele.), die uns netterweise unter ihr Tarp aufgenommen hat, so da\u00df wir unser neues Gro\u00dfsegel nicht aufbauen musste.<\/p>\n<p>Und jetzt wird&#8217;s f\u00fcr mich mal wieder peinlich: es war auch eine recht junge, fast neue Gladiatorenschule da , deren Namen ich mir nicht gemerkt habe. Ich bitte in aller Form um Entschuldgung, und werde den Namen noch nachreichen.<\/p>\n<p>Einige Ludi aus dem slavisch-sprachigen Raum mussten leider Absagen. Da mussten viele Gladiatoren als Reservisten Zuhause bleibe, falls Putin noch komplett freidreht. Das ist nat\u00fcrlich schade, wir hoffen alle auf bessere Zeiten.<\/p>\n<p>Jedenfalls: viele Gladiatoren, und wir mit dabei !<\/p>\n<figure id=\"attachment_6021\" aria-describedby=\"caption-attachment-6021\" style=\"width: 900px\" class=\"wp-caption aligncenter\"><img loading=\"lazy\" decoding=\"async\" src=\"https:\/\/www.gladiatorenschule-berlin.rocks\/wp-content\/uploads\/2024\/09\/WG.jpg\" alt=\"Gladiatorenlager\" width=\"900\" height=\"416\" class=\"size-full wp-image-6021\" srcset=\"https:\/\/www.gladiatorenschule-berlin.rocks\/wp-content\/uploads\/2024\/09\/WG.jpg 900w, https:\/\/www.gladiatorenschule-berlin.rocks\/wp-content\/uploads\/2024\/09\/WG-300x139.jpg 300w, https:\/\/www.gladiatorenschule-berlin.rocks\/wp-content\/uploads\/2024\/09\/WG-768x355.jpg 768w, https:\/\/www.gladiatorenschule-berlin.rocks\/wp-content\/uploads\/2024\/09\/WG-720x333.jpg 720w, https:\/\/www.gladiatorenschule-berlin.rocks\/wp-content\/uploads\/2024\/09\/WG-224x104.jpg 224w\" sizes=\"auto, (max-width: 900px) 100vw, 900px\" \/><figcaption id=\"caption-attachment-6021\" class=\"wp-caption-text\">DA wohnten wir !<\/figcaption><\/figure>\n<p>Aber so ein paar Rudel freilaufender Gladiatoren machen nat\u00fcrlich noch kein R\u00f6merfest, es waren nat\u00fcrlich auch H\u00e4ndler und Handwerker vor Ort.<\/p>\n<p>Und selbstverst\u00e4ndlich auch mehrere Legion\u00e4re. Irgendjemand musste ja auf <del datetime=\"2024-09-17T18:32:28+00:00\">den Kindergarten<\/del> die Gladiatoren aufpassen.<\/p>\n<p>Es gab auch einen sehr sandigen Moment, als &#8222;Priapos&#8220; von Amor seinen 300sten Kampf gegen einen alten Weggef\u00e4rten hatte, um danach sein Gladius an seinen Sohn weiterzugeben. Da muss dann ein Windsto\u00df viel Sand aufgeweirbelt haben, jedenfalls mussten einige Gladiatoren heftig blinzeln.<\/p>\n<p>Die danach folgende Feier zum 20sten von Amor Mortis war jetzt nicht ganz so ausufernd, wie man h\u00e4tte erwarten k\u00f6nnen, aber gut: der Tag war lang, und den n\u00e4chsten Tag wollten wir ja auch noch Unfallfrei hinter uns bringen. Von daher: alles richtig gemacht !<\/p>\n<p>Die haben in Bergkamen \u00fcbrigens in ihrer Arena tats\u00e4chlich Sand. Ist gleich viel angenehmer , als auf einer nassen Wiese.<\/p>\n<p>Fazit: Geile Veranstaltung ! Gerne wieder ! Danke, da\u00df wir (alle Beide) dabei seien durften !<\/p>\n<p>Ach ja: war \u00fcbrigens unsere erste regenfeie Veranstaltung dieses Jahr *seufz*<\/p>\n","protected":false},"excerpt":{"rendered":"<p>Salvete, freunde der l\u00e4ngeren Anfahrt ! Das diesj\u00e4hrige internationale Gladiatorentreffen ist zuende, und wir sind wieder zur\u00fcck in Berlin. (Alle beide). Etwas m\u00fcde, aber gl\u00fccklich und froh, dabei gewesen seien zu k\u00f6nnen. (ist das richtiges Deutsch ?) Oder so. Die Anfahrt war schon lustig: ich hatte beim Autoverleih einen &#8222;Hundef\u00e4nger&#8220; bestellt, und weil die was [&hellip;]<\/p>\n","protected":false},"author":2,"featured_media":0,"comment_status":"closed","ping_status":"closed","sticky":false,"template":"","format":"standard","meta":{"ngg_post_thumbnail":0,"footnotes":""},"categories":[1],"tags":[],"class_list":["post-6019","post","type-post","status-publish","format-standard","hentry","category-allgemein"],"_links":{"self":[{"href":"https:\/\/www.gladiatorenschule-berlin.rocks\/index.php?rest_route=\/wp\/v2\/posts\/6019","targetHints":{"allow":["GET"]}}],"collection":[{"href":"https:\/\/www.gladiatorenschule-berlin.rocks\/index.php?rest_route=\/wp\/v2\/posts"}],"about":[{"href":"https:\/\/www.gladiatorenschule-berlin.rocks\/index.php?rest_route=\/wp\/v2\/types\/post"}],"author":[{"embeddable":true,"href":"https:\/\/www.gladiatorenschule-berlin.rocks\/index.php?rest_route=\/wp\/v2\/users\/2"}],"replies":[{"embeddable":true,"href":"https:\/\/www.gladiatorenschule-berlin.rocks\/index.php?rest_route=%2Fwp%2Fv2%2Fcomments&post=6019"}],"version-history":[{"count":3,"href":"https:\/\/www.gladiatorenschule-berlin.rocks\/index.php?rest_route=\/wp\/v2\/posts\/6019\/revisions"}],"predecessor-version":[{"id":6026,"href":"https:\/\/www.gladiatorenschule-berlin.rocks\/index.php?rest_route=\/wp\/v2\/posts\/6019\/revisions\/6026"}],"wp:attachment":[{"href":"https:\/\/www.gladiatorenschule-berlin.rocks\/index.php?rest_route=%2Fwp%2Fv2%2Fmedia&parent=6019"}],"wp:term":[{"taxonomy":"category","embeddable":true,"href":"https:\/\/www.gladiatorenschule-berlin.rocks\/index.php?rest_route=%2Fwp%2Fv2%2Fcategories&post=6019"},{"taxonomy":"post_tag","embeddable":true,"href":"https:\/\/www.gladiatorenschule-berlin.rocks\/index.php?rest_route=%2Fwp%2Fv2%2Ftags&post=6019"}],"curies":[{"name":"wp","href":"https:\/\/api.w.org\/{rel}","templated":true}]}}