{"id":6285,"date":"2025-08-17T20:25:16","date_gmt":"2025-08-17T18:25:16","guid":{"rendered":"https:\/\/www.gladiatorenschule-berlin.rocks\/?p=6285"},"modified":"2025-08-31T21:55:20","modified_gmt":"2025-08-31T19:55:20","slug":"gladiatoren-gathering","status":"publish","type":"post","link":"https:\/\/www.gladiatorenschule-berlin.rocks\/?p=6285","title":{"rendered":"Gladiatoren Gathering"},"content":{"rendered":"<p>Nicht zu verwechseln mit dem ber\u00fchmten Brathering.<\/p>\n<p>Vom 19. September bis 21.September (2025) findet die diesj\u00e4hrige Zusammenkunft europaweiter Gladiatorenschulen im <a href=\"https:\/\/www.museumparkorientalis.nl\/activiteiten\/\" target=\"_blank\" rel=\"noopener\">Museumspark Orientalis<\/a> statt.<\/p>\n<p>Das ist ein St\u00fcck <a href=\"https:\/\/www.openstreetmap.org\/#map=18\/51.814614\/5.889511\" target=\"_blank\" rel=\"noopener\">au\u00dferhalb Berlins<\/a>, so knapp bei Nijmegen \ud83d\ude42<\/p>\n<p>Wir sind schon gespannt, wer da noch so alles aufschl\u00e4gt, und wir freuen uns darauf, wieder andere Gruppen kennen zu lernen und mit denen Erfahrungen und Ansichten aus zu tauschen.<\/p>\n<p>(Nat\u00fcrlich freuen wir uns auch darauf, alte Bekannte wieder zu sehen.)<\/p>\n<figure id=\"attachment_6341\" aria-describedby=\"caption-attachment-6341\" style=\"width: 300px\" class=\"wp-caption alignnone\"><a href=\"https:\/\/www.gladiatorenschule-berlin.rocks\/wp-content\/uploads\/2025\/08\/IMG-20190606-WA0031.jpg\"><img loading=\"lazy\" decoding=\"async\" class=\"wp-image-6341 size-medium\" src=\"https:\/\/www.gladiatorenschule-berlin.rocks\/wp-content\/uploads\/2025\/08\/IMG-20190606-WA0031-300x225.jpg\" alt=\"Teilnehmer Nimejgen 2019\" width=\"300\" height=\"225\" srcset=\"https:\/\/www.gladiatorenschule-berlin.rocks\/wp-content\/uploads\/2025\/08\/IMG-20190606-WA0031-300x225.jpg 300w, https:\/\/www.gladiatorenschule-berlin.rocks\/wp-content\/uploads\/2025\/08\/IMG-20190606-WA0031-1024x768.jpg 1024w, https:\/\/www.gladiatorenschule-berlin.rocks\/wp-content\/uploads\/2025\/08\/IMG-20190606-WA0031-768x576.jpg 768w, https:\/\/www.gladiatorenschule-berlin.rocks\/wp-content\/uploads\/2025\/08\/IMG-20190606-WA0031-720x540.jpg 720w, https:\/\/www.gladiatorenschule-berlin.rocks\/wp-content\/uploads\/2025\/08\/IMG-20190606-WA0031-224x168.jpg 224w, https:\/\/www.gladiatorenschule-berlin.rocks\/wp-content\/uploads\/2025\/08\/IMG-20190606-WA0031-693x520.jpg 693w, https:\/\/www.gladiatorenschule-berlin.rocks\/wp-content\/uploads\/2025\/08\/IMG-20190606-WA0031-1140x855.jpg 1140w, https:\/\/www.gladiatorenschule-berlin.rocks\/wp-content\/uploads\/2025\/08\/IMG-20190606-WA0031.jpg 1385w\" sizes=\"auto, (max-width: 300px) 100vw, 300px\" \/><\/a><figcaption id=\"caption-attachment-6341\" class=\"wp-caption-text\">Berliner Abordnung GG 2019<\/figcaption><\/figure>\n<div class=\"fusion-layout-column fusion_builder_column fusion-builder-column-24 fusion_builder_column_1_2 1_2 fusion-flex-column\">\n<div class=\"fusion-column-wrapper fusion-column-has-shadow fusion-flex-justify-content-flex-start fusion-content-layout-column\">\n<div class=\"fusion-text fusion-text-17\">\n<h3 class=\"fusion-responsive-typography-calculated\" data-fontsize=\"20\" data-lineheight=\"20px\"><span dir=\"auto\">Gladiatoren-Event<\/span><\/h3>\n<figure id=\"attachment_6344\" aria-describedby=\"caption-attachment-6344\" style=\"width: 300px\" class=\"wp-caption alignnone\"><a href=\"https:\/\/www.gladiatorenschule-berlin.rocks\/wp-content\/uploads\/2025\/08\/Trier_Kroatien.jpg\"><img loading=\"lazy\" decoding=\"async\" class=\"size-medium wp-image-6344\" src=\"https:\/\/www.gladiatorenschule-berlin.rocks\/wp-content\/uploads\/2025\/08\/Trier_Kroatien-300x225.jpg\" alt=\"Ludi Pula und Trier 2019\" width=\"300\" height=\"225\" srcset=\"https:\/\/www.gladiatorenschule-berlin.rocks\/wp-content\/uploads\/2025\/08\/Trier_Kroatien-300x225.jpg 300w, https:\/\/www.gladiatorenschule-berlin.rocks\/wp-content\/uploads\/2025\/08\/Trier_Kroatien-1024x768.jpg 1024w, https:\/\/www.gladiatorenschule-berlin.rocks\/wp-content\/uploads\/2025\/08\/Trier_Kroatien-768x576.jpg 768w, https:\/\/www.gladiatorenschule-berlin.rocks\/wp-content\/uploads\/2025\/08\/Trier_Kroatien-1536x1152.jpg 1536w, https:\/\/www.gladiatorenschule-berlin.rocks\/wp-content\/uploads\/2025\/08\/Trier_Kroatien-720x540.jpg 720w, https:\/\/www.gladiatorenschule-berlin.rocks\/wp-content\/uploads\/2025\/08\/Trier_Kroatien-224x168.jpg 224w, https:\/\/www.gladiatorenschule-berlin.rocks\/wp-content\/uploads\/2025\/08\/Trier_Kroatien-693x520.jpg 693w, https:\/\/www.gladiatorenschule-berlin.rocks\/wp-content\/uploads\/2025\/08\/Trier_Kroatien-1140x855.jpg 1140w, https:\/\/www.gladiatorenschule-berlin.rocks\/wp-content\/uploads\/2025\/08\/Trier_Kroatien.jpg 1547w\" sizes=\"auto, (max-width: 300px) 100vw, 300px\" \/><\/a><figcaption id=\"caption-attachment-6344\" class=\"wp-caption-text\">Ludi Pula und Trier 2019<\/figcaption><\/figure>\n<figure id=\"attachment_6343\" aria-describedby=\"caption-attachment-6343\" style=\"width: 225px\" class=\"wp-caption alignleft\"><a href=\"https:\/\/www.gladiatorenschule-berlin.rocks\/wp-content\/uploads\/2025\/08\/Archi2019.jpg\"><img loading=\"lazy\" decoding=\"async\" class=\"size-medium wp-image-6343\" src=\"https:\/\/www.gladiatorenschule-berlin.rocks\/wp-content\/uploads\/2025\/08\/Archi2019-225x300.jpg\" alt=\"Architeuthes Thraex 2019\" width=\"225\" height=\"300\" srcset=\"https:\/\/www.gladiatorenschule-berlin.rocks\/wp-content\/uploads\/2025\/08\/Archi2019-225x300.jpg 225w, https:\/\/www.gladiatorenschule-berlin.rocks\/wp-content\/uploads\/2025\/08\/Archi2019-768x1024.jpg 768w, https:\/\/www.gladiatorenschule-berlin.rocks\/wp-content\/uploads\/2025\/08\/Archi2019-720x960.jpg 720w, https:\/\/www.gladiatorenschule-berlin.rocks\/wp-content\/uploads\/2025\/08\/Archi2019-168x224.jpg 168w, https:\/\/www.gladiatorenschule-berlin.rocks\/wp-content\/uploads\/2025\/08\/Archi2019-390x520.jpg 390w, https:\/\/www.gladiatorenschule-berlin.rocks\/wp-content\/uploads\/2025\/08\/Archi2019.jpg 870w\" sizes=\"auto, (max-width: 225px) 100vw, 225px\" \/><\/a><figcaption id=\"caption-attachment-6343\" class=\"wp-caption-text\">Architeuthes Thraex 2019<\/figcaption><\/figure>\n<p><strong><span dir=\"auto\">Termine:<\/span><\/strong><span dir=\"auto\"> Freitag, 19. bis Sonntag, 21. September 2025<\/span><\/p>\n<p><strong><span dir=\"auto\">Zeit:<\/span><\/strong><span dir=\"auto\"> 11-17 Uhr<\/span><\/p>\n<\/div>\n<div class=\"fusion-text fusion-text-18\">\n<p><span dir=\"auto\">Entdecken Sie den Alltag der Gladiatoren aus ganz Europa und erfahren Sie, wie sie trainierten und lebten.<\/span><\/p>\n<p><span dir=\"auto\">In der W\u00fcste finden spektakul\u00e4re Gladiatorenk\u00e4mpfe statt. Die Termine f\u00fcr diese K\u00e4mpfe stehen noch nicht fest.<\/span><\/p>\n<p><span dir=\"auto\">Verpassen Sie dieses spannende Event nicht!<\/span><\/p>\n<\/div>\n<\/div>\n<\/div>\n","protected":false},"excerpt":{"rendered":"<p>Nicht zu verwechseln mit dem ber\u00fchmten Brathering. Vom 19. September bis 21.September (2025) findet die diesj\u00e4hrige Zusammenkunft europaweiter Gladiatorenschulen im Museumspark Orientalis statt. Das ist ein St\u00fcck au\u00dferhalb Berlins, so knapp bei Nijmegen \ud83d\ude42 Wir sind schon gespannt, wer da noch so alles aufschl\u00e4gt, und wir freuen uns darauf, wieder andere Gruppen kennen zu lernen [&hellip;]<\/p>\n","protected":false},"author":2,"featured_media":0,"comment_status":"closed","ping_status":"closed","sticky":false,"template":"","format":"standard","meta":{"ngg_post_thumbnail":0,"footnotes":""},"categories":[1],"tags":[],"class_list":["post-6285","post","type-post","status-publish","format-standard","hentry","category-allgemein"],"_links":{"self":[{"href":"https:\/\/www.gladiatorenschule-berlin.rocks\/index.php?rest_route=\/wp\/v2\/posts\/6285","targetHints":{"allow":["GET"]}}],"collection":[{"href":"https:\/\/www.gladiatorenschule-berlin.rocks\/index.php?rest_route=\/wp\/v2\/posts"}],"about":[{"href":"https:\/\/www.gladiatorenschule-berlin.rocks\/index.php?rest_route=\/wp\/v2\/types\/post"}],"author":[{"embeddable":true,"href":"https:\/\/www.gladiatorenschule-berlin.rocks\/index.php?rest_route=\/wp\/v2\/users\/2"}],"replies":[{"embeddable":true,"href":"https:\/\/www.gladiatorenschule-berlin.rocks\/index.php?rest_route=%2Fwp%2Fv2%2Fcomments&post=6285"}],"version-history":[{"count":5,"href":"https:\/\/www.gladiatorenschule-berlin.rocks\/index.php?rest_route=\/wp\/v2\/posts\/6285\/revisions"}],"predecessor-version":[{"id":6345,"href":"https:\/\/www.gladiatorenschule-berlin.rocks\/index.php?rest_route=\/wp\/v2\/posts\/6285\/revisions\/6345"}],"wp:attachment":[{"href":"https:\/\/www.gladiatorenschule-berlin.rocks\/index.php?rest_route=%2Fwp%2Fv2%2Fmedia&parent=6285"}],"wp:term":[{"taxonomy":"category","embeddable":true,"href":"https:\/\/www.gladiatorenschule-berlin.rocks\/index.php?rest_route=%2Fwp%2Fv2%2Fcategories&post=6285"},{"taxonomy":"post_tag","embeddable":true,"href":"https:\/\/www.gladiatorenschule-berlin.rocks\/index.php?rest_route=%2Fwp%2Fv2%2Ftags&post=6285"}],"curies":[{"name":"wp","href":"https:\/\/api.w.org\/{rel}","templated":true}]}}