{"id":6450,"date":"2025-10-19T17:02:25","date_gmt":"2025-10-19T15:02:25","guid":{"rendered":"https:\/\/www.gladiatorenschule-berlin.rocks\/?p=6450"},"modified":"2025-10-19T17:02:25","modified_gmt":"2025-10-19T15:02:25","slug":"nachlese-tag-d-dt-einheit","status":"publish","type":"post","link":"https:\/\/www.gladiatorenschule-berlin.rocks\/?p=6450","title":{"rendered":"Nachlese Tag d. dt. Einheit"},"content":{"rendered":"<p>Salvete,<br \/>\nfreunde des kleinen Politikums.<\/p>\n<p>Oder so.<\/p>\n<p>Wir waren ja letztens bei der <a href=\"https:\/\/staatskanzlei.hessen.de\/Berlin-Europa-und-die-Welt\/Hessen-in-Berlin\" target=\"_blank\">hessischen Landesvertretung<\/a> zum Tag der deutschen Einheit geladen.<\/p>\n<figure id=\"attachment_6451\" aria-describedby=\"caption-attachment-6451\" style=\"width: 857px\" class=\"wp-caption aligncenter\"><img loading=\"lazy\" decoding=\"async\" src=\"https:\/\/www.gladiatorenschule-berlin.rocks\/wp-content\/uploads\/2025\/10\/Glad1.jpg\" alt=\"\" width=\"857\" height=\"643\" class=\"size-full wp-image-6451\" srcset=\"https:\/\/www.gladiatorenschule-berlin.rocks\/wp-content\/uploads\/2025\/10\/Glad1.jpg 857w, https:\/\/www.gladiatorenschule-berlin.rocks\/wp-content\/uploads\/2025\/10\/Glad1-300x225.jpg 300w, https:\/\/www.gladiatorenschule-berlin.rocks\/wp-content\/uploads\/2025\/10\/Glad1-768x576.jpg 768w, https:\/\/www.gladiatorenschule-berlin.rocks\/wp-content\/uploads\/2025\/10\/Glad1-720x540.jpg 720w, https:\/\/www.gladiatorenschule-berlin.rocks\/wp-content\/uploads\/2025\/10\/Glad1-224x168.jpg 224w, https:\/\/www.gladiatorenschule-berlin.rocks\/wp-content\/uploads\/2025\/10\/Glad1-693x520.jpg 693w\" sizes=\"auto, (max-width: 857px) 100vw, 857px\" \/><figcaption id=\"caption-attachment-6451\" class=\"wp-caption-text\">Platz zum Spielen<\/figcaption><\/figure>\n<p>Nun mag man (oder Frau) ja fragen: was haben die Gladiatoren mit Hessen zu tun ?<\/p>\n<p>Antwort: <a href=\"https:\/\/www.saalburgmuseum.de\/\" target=\"_blank\">die Saalburg<\/a>, ein R\u00f6merkastell, sas dieses Jahr <a href=\"https:\/\/www.saalburgmuseum.de\/jubilaeum-125-jahre-saalburg\/\" target=\"_blank\">125 Jahre<\/a> wiederaufbau feiert.<\/p>\n<p>Herzlichen Gl\u00fckwunsch.<\/p>\n<p>Und die Saalburg dachte sich halt: Hej, wir wollen uns in Berlin pr\u00e4sentieren, lasst uns doch ein paar Gladiatoren dazu einladen.<\/p>\n<p>Und da waren wir nun.<\/p>\n<p>Wir hatten ausreichend Platz, auch f\u00fcr die Langwaffen, das Wetter hat mitgespielt, und das Publikum war f\u00fcr Berliner Verh\u00e4ltnisse auch gut drauf. Und zwischen den K\u00e4mpfen hatten wir bei uns im Lager wieder ausreichend gelegenheit, den Gro\u00dfen und Kleinen unsere Ausr\u00fcstung n\u00e4her erkl\u00e4ren zu k\u00f6nnen.<\/p>\n<p>Sprich alle hatten ihren Spa\u00df.<\/p>\n","protected":false},"excerpt":{"rendered":"<p>Salvete, freunde des kleinen Politikums. Oder so. Wir waren ja letztens bei der hessischen Landesvertretung zum Tag der deutschen Einheit geladen. Nun mag man (oder Frau) ja fragen: was haben die Gladiatoren mit Hessen zu tun ? Antwort: die Saalburg, ein R\u00f6merkastell, sas dieses Jahr 125 Jahre wiederaufbau feiert. Herzlichen Gl\u00fckwunsch. Und die Saalburg dachte [&hellip;]<\/p>\n","protected":false},"author":2,"featured_media":0,"comment_status":"closed","ping_status":"closed","sticky":false,"template":"","format":"standard","meta":{"ngg_post_thumbnail":0,"footnotes":""},"categories":[1],"tags":[],"class_list":["post-6450","post","type-post","status-publish","format-standard","hentry","category-allgemein"],"_links":{"self":[{"href":"https:\/\/www.gladiatorenschule-berlin.rocks\/index.php?rest_route=\/wp\/v2\/posts\/6450","targetHints":{"allow":["GET"]}}],"collection":[{"href":"https:\/\/www.gladiatorenschule-berlin.rocks\/index.php?rest_route=\/wp\/v2\/posts"}],"about":[{"href":"https:\/\/www.gladiatorenschule-berlin.rocks\/index.php?rest_route=\/wp\/v2\/types\/post"}],"author":[{"embeddable":true,"href":"https:\/\/www.gladiatorenschule-berlin.rocks\/index.php?rest_route=\/wp\/v2\/users\/2"}],"replies":[{"embeddable":true,"href":"https:\/\/www.gladiatorenschule-berlin.rocks\/index.php?rest_route=%2Fwp%2Fv2%2Fcomments&post=6450"}],"version-history":[{"count":2,"href":"https:\/\/www.gladiatorenschule-berlin.rocks\/index.php?rest_route=\/wp\/v2\/posts\/6450\/revisions"}],"predecessor-version":[{"id":6453,"href":"https:\/\/www.gladiatorenschule-berlin.rocks\/index.php?rest_route=\/wp\/v2\/posts\/6450\/revisions\/6453"}],"wp:attachment":[{"href":"https:\/\/www.gladiatorenschule-berlin.rocks\/index.php?rest_route=%2Fwp%2Fv2%2Fmedia&parent=6450"}],"wp:term":[{"taxonomy":"category","embeddable":true,"href":"https:\/\/www.gladiatorenschule-berlin.rocks\/index.php?rest_route=%2Fwp%2Fv2%2Fcategories&post=6450"},{"taxonomy":"post_tag","embeddable":true,"href":"https:\/\/www.gladiatorenschule-berlin.rocks\/index.php?rest_route=%2Fwp%2Fv2%2Ftags&post=6450"}],"curies":[{"name":"wp","href":"https:\/\/api.w.org\/{rel}","templated":true}]}}